{"id":2007,"date":"2025-08-30T11:41:48","date_gmt":"2025-08-30T09:41:48","guid":{"rendered":"https:\/\/grafik-bengs.com\/?p=2007"},"modified":"2025-09-22T10:33:38","modified_gmt":"2025-09-22T08:33:38","slug":"ferienwohnungen-assenmacher","status":"publish","type":"post","link":"https:\/\/altenahr-ahr.de\/en\/ferienwohnungen-assenmacher\/","title":{"rendered":"Ferienwohnungen Assenmacher"},"content":{"rendered":"<div class=\"wp-block-uagb-container uagb-block-83625ccf alignfull uagb-is-root-container\">\n<div class=\"wp-block-uagb-image uagb-block-d8958848 wp-block-uagb-image--layout-overlay wp-block-uagb-image--effect-static wp-block-uagb-image--align-none\"><figure class=\"wp-block-uagb-image__figure\"><img decoding=\"async\" srcset=\"https:\/\/altenahr-ahr.de\/wp-content\/uploads\/2025\/08\/fewo-assemacher-altenahr.webp ,https:\/\/altenahr-ahr.de\/wp-content\/uploads\/2025\/08\/fewo-assemacher-altenahr.webp 780w, https:\/\/altenahr-ahr.de\/wp-content\/uploads\/2025\/08\/fewo-assemacher-altenahr.webp 360w\" sizes=\"auto, (max-width: 480px) 150px\" src=\"https:\/\/altenahr-ahr.de\/wp-content\/uploads\/2025\/08\/fewo-assemacher-altenahr.webp\" alt=\"Ansicht in die Ferienwohnung mit offenem Wohn-Essbereich des Gasthauses Assenmacher\" class=\"uag-image-2008\" width=\"1920\" height=\"1280\" title=\"fewo-assemacher-altenahr\" loading=\"lazy\" role=\"img\"\/><div class=\"wp-block-uagb-image--layout-overlay__color-wrapper\"><\/div><div class=\"wp-block-uagb-image--layout-overlay__inner bottom-left\"><h2 class=\"uagb-image-heading\">Ferienwohnungen Assenmacher<\/h2><div class=\"uagb-image-separator\"><\/div><figcaption class=\"uagb-image-caption\">Altenahr<\/figcaption><\/div><\/figure><\/div>\n<\/div>\n\n\n\n<div style=\"height:100px\" aria-hidden=\"true\" class=\"wp-block-spacer uag-hide-mob\"><\/div>\n\n\n\n<div class=\"wp-block-uagb-container uagb-block-767125e0 alignfull uagb-is-root-container\"><div class=\"uagb-container-inner-blocks-wrap\">\n<div class=\"wp-block-uagb-advanced-heading uagb-block-be4c003f\"><h2 class=\"uagb-heading-text\">Hochwertige Ausstattung<\/h2><\/div>\n\n\n\n<div class=\"wp-block-uagb-advanced-heading uagb-block-560e2c87\"><h2 class=\"uagb-heading-text\">Saunabereich<\/h2><\/div>\n\n\n\n<div class=\"wp-block-uagb-advanced-heading uagb-block-55a272f7\"><h2 class=\"uagb-heading-text\">Zentral gelegen<\/h2><\/div>\n<\/div><\/div>\n\n\n\n<div class=\"wp-block-uagb-container uagb-block-ec79257a alignfull uagb-is-root-container\"><div class=\"uagb-container-inner-blocks-wrap\">\n<div class=\"wp-block-uagb-container uagb-block-f3280808\">\n<p>Entdecken Sie unsere fu\u0308nf neuen Ferienwohnungen (2 Zimmer, Bad mit Dusche und WC, WiFi) unmittelbar neben unserem famili\u00e4r gefu\u0308hrten Gasthaus. Auf ca. 49\u201355 m\u00b2 finden Sie ein Schlafzimmer, einen Wohnraum mit einer gemu\u0308tlichen Sitzecke mit Flachbildfernseher sowie eine voll ausgestattete Ku\u0308che. Zum Entspannen hat jedes Appartement einen eigenen Balkon mit Blick zur Ahr oder auf den Innenhof sowie Zugang zum Saunabereich. <br><br>Zudem haben Sie die M\u00f6glichkeit, Ihren PKW am Geb\u00e4ude abzustellen ( E-Ladestation vorhanden n. V.) .Gerne k\u00f6nnen Sie auch unseren Service im Gasthaus nebenan mit Fru\u0308hstu\u0308ck und z.B. unser Genie\u00dferwochende oder unsere Schlemmmertage dazu buchen und genie\u00dfen.<\/p>\n<\/div>\n\n\n\n<div class=\"wp-block-uagb-container uagb-block-9ff051d9\">\n<div class=\"wp-block-uagb-advanced-heading uagb-block-59cb18fc\"><h3 class=\"uagb-heading-text\">Ferienwohnungen Gasthaus Assenmacher<\/h3><\/div>\n\n\n\n<p>Br\u00fcckenstra\u00dfe 12<br>53505 Altenahr<br>Tel.: <a href=\"tel:4926431848\">+49 2643 1848<\/a><br><a href=\"mailto:info@gasthaus-assenmacher.de\">info@gasthaus-assenmacher.de<\/a><\/p>\n\n\n\n<div class=\"wp-block-uagb-buttons uagb-buttons__outer-wrap uagb-btn__default-btn uagb-btn-tablet__default-btn uagb-btn-mobile__default-btn uagb-block-7cf18c67\"><div class=\"uagb-buttons__wrap uagb-buttons-layout-wrap\">\n<div class=\"wp-block-uagb-buttons-child uagb-buttons__outer-wrap uagb-block-8955c66a wp-block-button\"><div class=\"uagb-button__wrapper\"><a class=\"uagb-buttons-repeater wp-block-button__link\" aria-label=\"\" href=\"https:\/\/assenmacher-altenahr.de\/ferienwohnung\/\" rel=\"follow noopener\" target=\"_blank\" role=\"button\"><div class=\"uagb-button__link\">Ferienwohnungen Assenmacher<\/div><span class=\"uagb-button__icon uagb-button__icon-position-after\"><svg xmlns=\"https:\/\/www.w3.org\/2000\/svg\" viewbox=\"0 0 448 512\" aria-hidden=\"true\" focussable=\"false\"><path d=\"M438.6 278.6l-160 160C272.4 444.9 264.2 448 256 448s-16.38-3.125-22.62-9.375c-12.5-12.5-12.5-32.75 0-45.25L338.8 288H32C14.33 288 .0016 273.7 .0016 256S14.33 224 32 224h306.8l-105.4-105.4c-12.5-12.5-12.5-32.75 0-45.25s32.75-12.5 45.25 0l160 160C451.1 245.9 451.1 266.1 438.6 278.6z\"><\/path><\/svg><\/span><\/a><\/div><\/div>\n<\/div><\/div>\n<\/div>\n<\/div><\/div>","protected":false},"excerpt":{"rendered":"<p>Moderner Komfort, herzliches Ambiente, Wellnessbereich und eine hochwertige Ausstattung zeichnen die Ferienwohnungen im Zentrum von Altenahr aus.<\/p>","protected":false},"author":1,"featured_media":2008,"comment_status":"closed","ping_status":"open","sticky":false,"template":"","format":"standard","meta":{"_uag_custom_page_level_css":"","site-sidebar-layout":"default","site-content-layout":"","ast-site-content-layout":"default","site-content-style":"default","site-sidebar-style":"default","ast-global-header-display":"","ast-banner-title-visibility":"","ast-main-header-display":"","ast-hfb-above-header-display":"","ast-hfb-below-header-display":"","ast-hfb-mobile-header-display":"","site-post-title":"disabled","ast-breadcrumbs-content":"","ast-featured-img":"disabled","footer-sml-layout":"","ast-disable-related-posts":"","theme-transparent-header-meta":"","adv-header-id-meta":"","stick-header-meta":"","header-above-stick-meta":"","header-main-stick-meta":"","header-below-stick-meta":"","astra-migrate-meta-layouts":"default","ast-page-background-enabled":"default","ast-page-background-meta":{"desktop":{"background-color":"var(--ast-global-color-5)","background-image":"","background-repeat":"repeat","background-position":"center center","background-size":"auto","background-attachment":"scroll","background-type":"","background-media":"","overlay-type":"","overlay-color":"","overlay-opacity":"","overlay-gradient":""},"tablet":{"background-color":"","background-image":"","background-repeat":"repeat","background-position":"center center","background-size":"auto","background-attachment":"scroll","background-type":"","background-media":"","overlay-type":"","overlay-color":"","overlay-opacity":"","overlay-gradient":""},"mobile":{"background-color":"","background-image":"","background-repeat":"repeat","background-position":"center center","background-size":"auto","background-attachment":"scroll","background-type":"","background-media":"","overlay-type":"","overlay-color":"","overlay-opacity":"","overlay-gradient":""}},"ast-content-background-meta":{"desktop":{"background-color":"var(--ast-global-color-4)","background-image":"","background-repeat":"repeat","background-position":"center center","background-size":"auto","background-attachment":"scroll","background-type":"","background-media":"","overlay-type":"","overlay-color":"","overlay-opacity":"","overlay-gradient":""},"tablet":{"background-color":"var(--ast-global-color-4)","background-image":"","background-repeat":"repeat","background-position":"center center","background-size":"auto","background-attachment":"scroll","background-type":"","background-media":"","overlay-type":"","overlay-color":"","overlay-opacity":"","overlay-gradient":""},"mobile":{"background-color":"var(--ast-global-color-4)","background-image":"","background-repeat":"repeat","background-position":"center center","background-size":"auto","background-attachment":"scroll","background-type":"","background-media":"","overlay-type":"","overlay-color":"","overlay-opacity":"","overlay-gradient":""}},"footnotes":""},"categories":[15],"tags":[],"class_list":["post-2007","post","type-post","status-publish","format-standard","has-post-thumbnail","hentry","category-uebernachten-in-altenahr"],"spectra_custom_meta":{"_edit_lock":["1770625928:1"],"_edac_summary":["a:8:{s:12:\"passed_tests\";i:88;s:6:\"errors\";i:3;s:8:\"warnings\";i:7;s:7:\"ignored\";i:0;s:15:\"contrast_errors\";i:0;s:13:\"content_grade\";i:11;s:11:\"readability\";s:3:\"11.\";s:18:\"simplified_summary\";b:0;}"],"_edac_summary_passed_tests":["88"],"_edac_summary_errors":["3"],"_edac_summary_warnings":["7"],"_edac_summary_ignored":["0"],"_edac_summary_contrast_errors":["0"],"_edac_density_data":["a:2:{i:0;i:813;i:1;i:3817;}"],"_edac_issue_density":["1.04"],"_edac_post_checked_js":["1758530022"],"_thumbnail_id":["2008"],"_uag_custom_page_level_css":[""],"site-sidebar-layout":["default"],"site-content-layout":[""],"ast-site-content-layout":["default"],"site-content-style":["default"],"site-sidebar-style":["default"],"ast-global-header-display":[""],"ast-banner-title-visibility":[""],"ast-main-header-display":[""],"ast-hfb-above-header-display":[""],"ast-hfb-below-header-display":[""],"ast-hfb-mobile-header-display":[""],"site-post-title":["disabled"],"ast-breadcrumbs-content":[""],"ast-featured-img":["disabled"],"footer-sml-layout":[""],"theme-transparent-header-meta":[""],"adv-header-id-meta":[""],"stick-header-meta":[""],"header-above-stick-meta":[""],"header-main-stick-meta":[""],"header-below-stick-meta":[""],"astra-migrate-meta-layouts":["default"],"ast-page-background-enabled":["default"],"ast-page-background-meta":["a:3:{s:7:\"desktop\";a:12:{s:16:\"background-color\";s:25:\"var(--ast-global-color-5)\";s:16:\"background-image\";s:0:\"\";s:17:\"background-repeat\";s:6:\"repeat\";s:19:\"background-position\";s:13:\"center center\";s:15:\"background-size\";s:4:\"auto\";s:21:\"background-attachment\";s:6:\"scroll\";s:15:\"background-type\";s:0:\"\";s:16:\"background-media\";s:0:\"\";s:12:\"overlay-type\";s:0:\"\";s:13:\"overlay-color\";s:0:\"\";s:15:\"overlay-opacity\";s:0:\"\";s:16:\"overlay-gradient\";s:0:\"\";}s:6:\"tablet\";a:12:{s:16:\"background-color\";s:0:\"\";s:16:\"background-image\";s:0:\"\";s:17:\"background-repeat\";s:6:\"repeat\";s:19:\"background-position\";s:13:\"center center\";s:15:\"background-size\";s:4:\"auto\";s:21:\"background-attachment\";s:6:\"scroll\";s:15:\"background-type\";s:0:\"\";s:16:\"background-media\";s:0:\"\";s:12:\"overlay-type\";s:0:\"\";s:13:\"overlay-color\";s:0:\"\";s:15:\"overlay-opacity\";s:0:\"\";s:16:\"overlay-gradient\";s:0:\"\";}s:6:\"mobile\";a:12:{s:16:\"background-color\";s:0:\"\";s:16:\"background-image\";s:0:\"\";s:17:\"background-repeat\";s:6:\"repeat\";s:19:\"background-position\";s:13:\"center center\";s:15:\"background-size\";s:4:\"auto\";s:21:\"background-attachment\";s:6:\"scroll\";s:15:\"background-type\";s:0:\"\";s:16:\"background-media\";s:0:\"\";s:12:\"overlay-type\";s:0:\"\";s:13:\"overlay-color\";s:0:\"\";s:15:\"overlay-opacity\";s:0:\"\";s:16:\"overlay-gradient\";s:0:\"\";}}"],"ast-content-background-meta":["a:3:{s:7:\"desktop\";a:12:{s:16:\"background-color\";s:25:\"var(--ast-global-color-4)\";s:16:\"background-image\";s:0:\"\";s:17:\"background-repeat\";s:6:\"repeat\";s:19:\"background-position\";s:13:\"center center\";s:15:\"background-size\";s:4:\"auto\";s:21:\"background-attachment\";s:6:\"scroll\";s:15:\"background-type\";s:0:\"\";s:16:\"background-media\";s:0:\"\";s:12:\"overlay-type\";s:0:\"\";s:13:\"overlay-color\";s:0:\"\";s:15:\"overlay-opacity\";s:0:\"\";s:16:\"overlay-gradient\";s:0:\"\";}s:6:\"tablet\";a:12:{s:16:\"background-color\";s:25:\"var(--ast-global-color-4)\";s:16:\"background-image\";s:0:\"\";s:17:\"background-repeat\";s:6:\"repeat\";s:19:\"background-position\";s:13:\"center center\";s:15:\"background-size\";s:4:\"auto\";s:21:\"background-attachment\";s:6:\"scroll\";s:15:\"background-type\";s:0:\"\";s:16:\"background-media\";s:0:\"\";s:12:\"overlay-type\";s:0:\"\";s:13:\"overlay-color\";s:0:\"\";s:15:\"overlay-opacity\";s:0:\"\";s:16:\"overlay-gradient\";s:0:\"\";}s:6:\"mobile\";a:12:{s:16:\"background-color\";s:25:\"var(--ast-global-color-4)\";s:16:\"background-image\";s:0:\"\";s:17:\"background-repeat\";s:6:\"repeat\";s:19:\"background-position\";s:13:\"center center\";s:15:\"background-size\";s:4:\"auto\";s:21:\"background-attachment\";s:6:\"scroll\";s:15:\"background-type\";s:0:\"\";s:16:\"background-media\";s:0:\"\";s:12:\"overlay-type\";s:0:\"\";s:13:\"overlay-color\";s:0:\"\";s:15:\"overlay-opacity\";s:0:\"\";s:16:\"overlay-gradient\";s:0:\"\";}}"],"footnotes":[""],"_edit_last":["1"],"_wpa_content_summary":[""],"isc_post_images":["a:1:{i:2008;a:2:{s:3:\"src\";s:80:\"https:\/\/altenahr-ahr.de\/wp-content\/uploads\/2025\/08\/fewo-assemacher-altenahr.webp\";s:9:\"thumbnail\";b:1;}}"],"_uag_css_file_name":["uag-css-2007.css"],"_uag_js_file_name":["uag-js-2007.js"]},"uagb_featured_image_src":{"full":["https:\/\/altenahr-ahr.de\/wp-content\/uploads\/2025\/08\/fewo-assemacher-altenahr.webp",1920,1280,false],"thumbnail":["https:\/\/altenahr-ahr.de\/wp-content\/uploads\/2025\/08\/fewo-assemacher-altenahr-150x150.webp",150,150,true],"medium":["https:\/\/altenahr-ahr.de\/wp-content\/uploads\/2025\/08\/fewo-assemacher-altenahr-300x200.webp",300,200,true],"medium_large":["https:\/\/altenahr-ahr.de\/wp-content\/uploads\/2025\/08\/fewo-assemacher-altenahr-768x512.webp",768,512,true],"large":["https:\/\/altenahr-ahr.de\/wp-content\/uploads\/2025\/08\/fewo-assemacher-altenahr-1536x1024.webp",1536,1024,true],"1536x1536":["https:\/\/altenahr-ahr.de\/wp-content\/uploads\/2025\/08\/fewo-assemacher-altenahr-1536x1024.webp",1536,1024,true],"2048x2048":["https:\/\/altenahr-ahr.de\/wp-content\/uploads\/2025\/08\/fewo-assemacher-altenahr.webp",1920,1280,false],"trp-custom-language-flag":["https:\/\/altenahr-ahr.de\/wp-content\/uploads\/2025\/08\/fewo-assemacher-altenahr-18x12.webp",18,12,true]},"uagb_author_info":{"display_name":"admin","author_link":"https:\/\/altenahr-ahr.de\/en\/author\/admin\/"},"uagb_comment_info":0,"uagb_excerpt":"Moderner Komfort, herzliches Ambiente, Wellnessbereich und eine hochwertige Ausstattung zeichnen die Ferienwohnungen im Zentrum von Altenahr aus.","_links":{"self":[{"href":"https:\/\/altenahr-ahr.de\/en\/wp-json\/wp\/v2\/posts\/2007","targetHints":{"allow":["GET"]}}],"collection":[{"href":"https:\/\/altenahr-ahr.de\/en\/wp-json\/wp\/v2\/posts"}],"about":[{"href":"https:\/\/altenahr-ahr.de\/en\/wp-json\/wp\/v2\/types\/post"}],"author":[{"embeddable":true,"href":"https:\/\/altenahr-ahr.de\/en\/wp-json\/wp\/v2\/users\/1"}],"replies":[{"embeddable":true,"href":"https:\/\/altenahr-ahr.de\/en\/wp-json\/wp\/v2\/comments?post=2007"}],"version-history":[{"count":10,"href":"https:\/\/altenahr-ahr.de\/en\/wp-json\/wp\/v2\/posts\/2007\/revisions"}],"predecessor-version":[{"id":2390,"href":"https:\/\/altenahr-ahr.de\/en\/wp-json\/wp\/v2\/posts\/2007\/revisions\/2390"}],"wp:featuredmedia":[{"embeddable":true,"href":"https:\/\/altenahr-ahr.de\/en\/wp-json\/wp\/v2\/media\/2008"}],"wp:attachment":[{"href":"https:\/\/altenahr-ahr.de\/en\/wp-json\/wp\/v2\/media?parent=2007"}],"wp:term":[{"taxonomy":"category","embeddable":true,"href":"https:\/\/altenahr-ahr.de\/en\/wp-json\/wp\/v2\/categories?post=2007"},{"taxonomy":"post_tag","embeddable":true,"href":"https:\/\/altenahr-ahr.de\/en\/wp-json\/wp\/v2\/tags?post=2007"}],"curies":[{"name":"wp","href":"https:\/\/api.w.org\/{rel}","templated":true}]}}