{"id":1350,"date":"2025-08-24T06:33:13","date_gmt":"2025-08-24T06:33:13","guid":{"rendered":"https:\/\/grafik-bengs.com\/?p=1350"},"modified":"2025-09-02T12:49:58","modified_gmt":"2025-09-02T10:49:58","slug":"legende-vom-weissen-kreuz","status":"publish","type":"post","link":"https:\/\/altenahr-ahr.de\/en\/legende-vom-weissen-kreuz\/","title":{"rendered":"Legende vom Wei\u00dfen Kreuz"},"content":{"rendered":"<div class=\"wp-block-uagb-container uagb-block-eceb6c3f alignfull uagb-is-root-container\">\n<div class=\"wp-block-uagb-image uagb-block-a3475688 wp-block-uagb-image--layout-overlay wp-block-uagb-image--effect-static wp-block-uagb-image--align-none\"><figure class=\"wp-block-uagb-image__figure\"><img decoding=\"async\" srcset=\"https:\/\/altenahr-ahr.de\/wp-content\/uploads\/2025\/08\/Legende-Weisses-Kreuz.webp ,https:\/\/altenahr-ahr.de\/wp-content\/uploads\/2025\/08\/Legende-Weisses-Kreuz.webp 780w, https:\/\/altenahr-ahr.de\/wp-content\/uploads\/2025\/08\/Legende-Weisses-Kreuz.webp 360w\" sizes=\"auto, (max-width: 480px) 150px\" src=\"https:\/\/altenahr-ahr.de\/wp-content\/uploads\/2025\/08\/Legende-Weisses-Kreuz.webp\" alt=\"Zeichnung vom wei\u00dfen Kreuz, mit Gl\u00e4ubigen auf der Wanderschaft.\" class=\"uag-image-1351\" width=\"1920\" height=\"1280\" title=\"Legende Weisses Kreuz\" loading=\"lazy\" role=\"img\"\/><div class=\"wp-block-uagb-image--layout-overlay__color-wrapper\"><\/div><div class=\"wp-block-uagb-image--layout-overlay__inner bottom-left\"><h1 class=\"uagb-image-heading\">Wei\u00dfes Kreuz<\/h1><div class=\"uagb-image-separator\"><\/div><figcaption class=\"uagb-image-caption\">Sagen und Legenden rund um Altenahr<\/figcaption><\/div><\/figure><\/div>\n<\/div>\n\n\n\n<div style=\"height:100px\" aria-hidden=\"true\" class=\"wp-block-spacer uag-hide-mob\"><\/div>\n\n\n\n<div class=\"wp-block-uagb-container uagb-block-767125e0 alignfull uagb-is-root-container\"><div class=\"uagb-container-inner-blocks-wrap\">\n<div class=\"wp-block-uagb-advanced-heading uagb-block-be4c003f\"><h2 class=\"uagb-heading-text\">Stationskreuz<\/h2><\/div>\n\n\n\n<div class=\"wp-block-uagb-advanced-heading uagb-block-560e2c87\"><h2 class=\"uagb-heading-text\">am Kirchweg<\/h2><\/div>\n\n\n\n<div class=\"wp-block-uagb-advanced-heading uagb-block-55a272f7\"><h2 class=\"uagb-heading-text\">in Altenahr<\/h2><\/div>\n<\/div><\/div>\n\n\n\n<div class=\"wp-block-uagb-container uagb-block-ec79257a alignfull uagb-is-root-container\"><div class=\"uagb-container-inner-blocks-wrap\">\n<div class=\"wp-block-uagb-container uagb-block-f3280808\">\n<p>Das \u201eWei\u00dfe Kreuz\u201c ist ein ca. vier Meter hohes Eichenholzkreuz auf dem Felsen unterhalb des \u201eAltenahrer Ecks\u201c. Um seine genaue Entstehungsgeschichte ranken sich mehrere Sagen und Mythen. <br><br>Eine Sage vom \u201eWei\u00dfen Kreuz\u201c erz\u00e4hlt von einer armen Witwe mit sechs kleinen Kindern. Trotz harter Arbeit konnte sie ihre Familie kaum ern\u00e4hren und litt unter gro\u00dfer Not. Verzweifelt und ohne Ausweg entschloss sie sich, ihrem Leben ein Ende zu setzen. Als sie auf der Spitze des Burgbergs stand und ins Tal blickte, fiel ihr ein wei\u00dfes Kreuz auf dem Dach ihres Hauses auf. Beim genaueren Hinsehen bemerkte sie weitere Kreuze auf den D\u00e4chern der umliegenden H\u00e4user, \u00fcber deren Familien auch Leid gekommen war. Ihr erschien aber auch ein gro\u00dfes goldenes Kreuz oberhalb der Burg, bei dessen Anblick sie sich geborgen und besch\u00fctzt f\u00fchlte. Diese Zeichen gaben ihr neuen Mut und brachten sie zur Besinnung, sodass sie von ihrem Vorhaben ablie\u00df. Mit der Zeit wurden ihre Kinder \u00e4lter, erlernten Berufe und verbesserten die Lebensumst\u00e4nde der Familie. Aus Dankbarkeit f\u00fcr die rettende Eingebung beschlossen sie, an der Stelle der Erkenntnis ein gro\u00dfes wei\u00dfes Kreuz zu errichten. Einer der S\u00f6hne, ein Schreiner, fertigte das Kreuz an, und gemeinsam stellten sie es oberhalb der Burg auf. Seitdem gilt das \u201eWei\u00dfe Kreuz\u201c als Schutzsymbol f\u00fcr die Einwohner und G\u00e4ste.<\/p>\n<\/div>\n\n\n\n<div class=\"wp-block-uagb-container uagb-block-9ff051d9\">\n<div class=\"wp-block-uagb-advanced-heading uagb-block-59cb18fc\"><h3 class=\"uagb-heading-text\">Wei\u00dfes Kreuz<\/h3><\/div>\n\n\n\n<p>Das wei\u00dfe Kreuz befindet sich auf einem Felsen zwischen dem Altenahrer Eck und der Burg Are. Der Aufstieg dauert je nach Kondition ca. eine dreiviertel Stunde (H\u00f6henmeter ca. 170 Meter). Der Weg hat teils schmale, steile Passagen und Felsstufen. Trittsicherheit und festes Schuhwerk sind zwingend erforderlich.<\/p>\n\n\n\n<div class=\"wp-block-uagb-buttons uagb-buttons__outer-wrap uagb-btn__default-btn uagb-btn-tablet__default-btn uagb-btn-mobile__default-btn uagb-block-7cf18c67\"><div class=\"uagb-buttons__wrap uagb-buttons-layout-wrap\">\n<div class=\"wp-block-uagb-buttons-child uagb-buttons__outer-wrap uagb-block-8955c66a wp-block-button\"><div class=\"uagb-button__wrapper\"><a class=\"uagb-buttons-repeater wp-block-button__link\" aria-label=\"\" href=\"https:\/\/altenahr-ahr.de\/en\/wanderung-weisses-kreuz\/\" rel=\"follow noopener\" target=\"_blank\" role=\"button\"><div class=\"uagb-button__link\">Wanderung Wei\u00dfes Kreuz<\/div><span class=\"uagb-button__icon uagb-button__icon-position-after\"><svg xmlns=\"https:\/\/www.w3.org\/2000\/svg\" viewbox=\"0 0 448 512\" aria-hidden=\"true\" focussable=\"false\"><path d=\"M438.6 278.6l-160 160C272.4 444.9 264.2 448 256 448s-16.38-3.125-22.62-9.375c-12.5-12.5-12.5-32.75 0-45.25L338.8 288H32C14.33 288 .0016 273.7 .0016 256S14.33 224 32 224h306.8l-105.4-105.4c-12.5-12.5-12.5-32.75 0-45.25s32.75-12.5 45.25 0l160 160C451.1 245.9 451.1 266.1 438.6 278.6z\"><\/path><\/svg><\/span><\/a><\/div><\/div>\n<\/div><\/div>\n<\/div>\n<\/div><\/div>\n\n\n\n\t\t\t<div class=\"wp-block-uagb-post-carousel uagb-post-grid  uagb-post__image-position-top uagb-post__image-enabled uagb-block-06db7656     uagb-post__arrow-outside uagb-post__items uagb-post__columns-4 is-carousel uagb-post__columns-tablet-2 uagb-post__columns-mobile-1 uagb-post__carousel_equal-height\" data-total=\"1\" style=\"\">\n\n\t\t\t\t\t\t\t\t\t\t\t\t<article class=\"uagb-post__inner-wrap\">\t\t\t\t\t\t\t\t<div class='uagb-post__image'>\n\t\t\t\t\t\t\t\t\t<a href=\"https:\/\/altenahr-ahr.de\/en\/schwarzes-kreuz\/\" target=\"_self\" rel=\"bookmark noopener noreferrer\"><img loading=\"lazy\" decoding=\"async\" width=\"1536\" height=\"1024\" src=\"https:\/\/altenahr-ahr.de\/wp-content\/uploads\/2025\/08\/Legenden-schwarzes-Kreuz-1536x1024.webp\" class=\"attachment-large size-large\" alt=\"Eine Zeichnung von einem Mann, der ein Kind tr\u00e4gt. Im Hintergrund das schwarze Kreuz.\" srcset=\"https:\/\/altenahr-ahr.de\/wp-content\/uploads\/2025\/08\/Legenden-schwarzes-Kreuz-1536x1024.webp 1536w, https:\/\/altenahr-ahr.de\/wp-content\/uploads\/2025\/08\/Legenden-schwarzes-Kreuz-300x200.webp 300w, https:\/\/altenahr-ahr.de\/wp-content\/uploads\/2025\/08\/Legenden-schwarzes-Kreuz-768x512.webp 768w, https:\/\/altenahr-ahr.de\/wp-content\/uploads\/2025\/08\/Legenden-schwarzes-Kreuz-18x12.webp 18w, https:\/\/altenahr-ahr.de\/wp-content\/uploads\/2025\/08\/Legenden-schwarzes-Kreuz.webp 1920w\" sizes=\"auto, (max-width: 1536px) 100vw, 1536px\" \/>\t\t\t\t\t<\/a>\n\t\t\t\t\t\t\t\t\t<\/div>\n\t\t\t\t\t\t\t<div class=\"uagb-post__text\">\n\t\t\t\t\t<span class='uagb-post__taxonomy default'>\n\t\t\t\t\t\t\t\t\t\t\t\t<a href=\"https:\/\/altenahr-ahr.de\/en\/category\/kinder\/\">Kinder<\/a>|&nbsp;<a href=\"https:\/\/altenahr-ahr.de\/en\/category\/sagen-legenden\/\">Sagen &amp; Legenden<\/a>\t\t\t\t\t<\/span>\n\t\t\t\t<\/div>\n\t\t\t\t\t\t\t<h4 class=\"uagb-post__title uagb-post__text\">\n\t\t\t\t<a href=\"https:\/\/altenahr-ahr.de\/en\/schwarzes-kreuz\/\" target=\"_self\" rel=\"bookmark noopener noreferrer\">Legende vom Schwarzen Kreuz<\/a>\n\t\t\t<\/h4>\n\t\t\t\t\t\t<div class='uagb-post__text uagb-post-grid-byline'>\n\t\t\t\t\t\t\t<\/div>\n\t\t\t\t\t\t\t<div class='uagb-post__text uagb-post__excerpt'>\n\t\t\t\t\tEin Strudel, der sich an einem herausragenden Felsen \u2013 den man \u201eHeislei\u201c nannte \u2013 befand, schraubte durch seinen Sog alles und jeden in die Tiefe.\t\t\t\t<\/div>\n\t\t\t\n\t\t\t\t\t\t\t\t\t<\/article>\n\t\t\t\t\t\t\t\t\t\t\t\t\t\t\t\t<article class=\"uagb-post__inner-wrap\">\t\t\t\t\t\t\t\t<div class='uagb-post__image'>\n\t\t\t\t\t\t\t\t\t<a href=\"https:\/\/altenahr-ahr.de\/en\/rittersprung\/\" target=\"_self\" rel=\"bookmark noopener noreferrer\"><img loading=\"lazy\" decoding=\"async\" width=\"1536\" height=\"1024\" src=\"https:\/\/altenahr-ahr.de\/wp-content\/uploads\/2025\/08\/Legenden-Rittersprung-1536x1024.webp\" class=\"attachment-large size-large\" alt=\"Kinderzeichnung eines Ritters auf einem Pferd, der von der Burg in die Tiefe springt.\" srcset=\"https:\/\/altenahr-ahr.de\/wp-content\/uploads\/2025\/08\/Legenden-Rittersprung-1536x1024.webp 1536w, https:\/\/altenahr-ahr.de\/wp-content\/uploads\/2025\/08\/Legenden-Rittersprung-300x200.webp 300w, https:\/\/altenahr-ahr.de\/wp-content\/uploads\/2025\/08\/Legenden-Rittersprung-768x512.webp 768w, https:\/\/altenahr-ahr.de\/wp-content\/uploads\/2025\/08\/Legenden-Rittersprung-18x12.webp 18w, https:\/\/altenahr-ahr.de\/wp-content\/uploads\/2025\/08\/Legenden-Rittersprung.webp 1920w\" sizes=\"auto, (max-width: 1536px) 100vw, 1536px\" \/>\t\t\t\t\t<\/a>\n\t\t\t\t\t\t\t\t\t<\/div>\n\t\t\t\t\t\t\t<div class=\"uagb-post__text\">\n\t\t\t\t\t<span class='uagb-post__taxonomy default'>\n\t\t\t\t\t\t\t\t\t\t\t\t<a href=\"https:\/\/altenahr-ahr.de\/en\/category\/kinder\/\">Kinder<\/a>|&nbsp;<a href=\"https:\/\/altenahr-ahr.de\/en\/category\/sagen-legenden\/\">Sagen &amp; Legenden<\/a>\t\t\t\t\t<\/span>\n\t\t\t\t<\/div>\n\t\t\t\t\t\t\t<h4 class=\"uagb-post__title uagb-post__text\">\n\t\t\t\t<a href=\"https:\/\/altenahr-ahr.de\/en\/rittersprung\/\" target=\"_self\" rel=\"bookmark noopener noreferrer\">Rittersprung<\/a>\n\t\t\t<\/h4>\n\t\t\t\t\t\t<div class='uagb-post__text uagb-post-grid-byline'>\n\t\t\t\t\t\t\t<\/div>\n\t\t\t\t\t\t\t<div class='uagb-post__text uagb-post__excerpt'>\n\t\t\t\t\tDer stolzer Ritter und sein Ross st\u00fcrmte mit einem Schlachtruf vom h\u00f6chsten Rand der Burgklippe geradeaus in den Himmel.\t\t\t\t<\/div>\n\t\t\t\n\t\t\t\t\t\t\t\t\t<\/article>\n\t\t\t\t\t\t\t\t\t\t\t\t\t\t\t\t<article class=\"uagb-post__inner-wrap\">\t\t\t\t\t\t\t\t<div class='uagb-post__image'>\n\t\t\t\t\t\t\t\t\t<a href=\"https:\/\/altenahr-ahr.de\/en\/legende-vom-teufelsloch\/\" target=\"_self\" rel=\"bookmark noopener noreferrer\"><img loading=\"lazy\" decoding=\"async\" width=\"1536\" height=\"1024\" src=\"https:\/\/altenahr-ahr.de\/wp-content\/uploads\/2025\/08\/Legende-Teufelsloch-1536x1024.webp\" class=\"attachment-large size-large\" alt=\"Zeichnung vom Teufel und seiner Gro\u00dfmutter auf dem Berg.\" srcset=\"https:\/\/altenahr-ahr.de\/wp-content\/uploads\/2025\/08\/Legende-Teufelsloch-1536x1024.webp 1536w, https:\/\/altenahr-ahr.de\/wp-content\/uploads\/2025\/08\/Legende-Teufelsloch-300x200.webp 300w, https:\/\/altenahr-ahr.de\/wp-content\/uploads\/2025\/08\/Legende-Teufelsloch-768x512.webp 768w, https:\/\/altenahr-ahr.de\/wp-content\/uploads\/2025\/08\/Legende-Teufelsloch-18x12.webp 18w, https:\/\/altenahr-ahr.de\/wp-content\/uploads\/2025\/08\/Legende-Teufelsloch.webp 1920w\" sizes=\"auto, (max-width: 1536px) 100vw, 1536px\" \/>\t\t\t\t\t<\/a>\n\t\t\t\t\t\t\t\t\t<\/div>\n\t\t\t\t\t\t\t<div class=\"uagb-post__text\">\n\t\t\t\t\t<span class='uagb-post__taxonomy default'>\n\t\t\t\t\t\t\t\t\t\t\t\t<a href=\"https:\/\/altenahr-ahr.de\/en\/category\/kinder\/\">Kinder<\/a>|&nbsp;<a href=\"https:\/\/altenahr-ahr.de\/en\/category\/sagen-legenden\/\">Sagen &amp; Legenden<\/a>\t\t\t\t\t<\/span>\n\t\t\t\t<\/div>\n\t\t\t\t\t\t\t<h4 class=\"uagb-post__title uagb-post__text\">\n\t\t\t\t<a href=\"https:\/\/altenahr-ahr.de\/en\/legende-vom-teufelsloch\/\" target=\"_self\" rel=\"bookmark noopener noreferrer\">Legende vom Teufelsloch<\/a>\n\t\t\t<\/h4>\n\t\t\t\t\t\t<div class='uagb-post__text uagb-post-grid-byline'>\n\t\t\t\t\t\t\t<\/div>\n\t\t\t\t\t\t\t<div class='uagb-post__text uagb-post__excerpt'>\n\t\t\t\t\tDas Teufelsloch in Altenahr ist ein Felsentor im Schiefergestein, das mit seiner bizarren Form zahlreiche Sagen inspiriert hat. \t\t\t\t<\/div>\n\t\t\t\n\t\t\t\t\t\t\t\t\t<\/article>\n\t\t\t\t\t\t\t\t\t\t\t\t\t\t\t\t<article class=\"uagb-post__inner-wrap\">\t\t\t\t\t\t\t\t<div class='uagb-post__image'>\n\t\t\t\t\t\t\t\t\t<a href=\"https:\/\/altenahr-ahr.de\/en\/die-gefangenen-der-burg-are\/\" target=\"_self\" rel=\"bookmark noopener noreferrer\"><img loading=\"lazy\" decoding=\"async\" width=\"1536\" height=\"1024\" src=\"https:\/\/altenahr-ahr.de\/wp-content\/uploads\/2025\/08\/Gefangene-Burg-Are-1536x1024.webp\" class=\"attachment-large size-large\" alt=\"Zeichnung von Gefangenen in einm Verlies\" srcset=\"https:\/\/altenahr-ahr.de\/wp-content\/uploads\/2025\/08\/Gefangene-Burg-Are-1536x1024.webp 1536w, https:\/\/altenahr-ahr.de\/wp-content\/uploads\/2025\/08\/Gefangene-Burg-Are-300x200.webp 300w, https:\/\/altenahr-ahr.de\/wp-content\/uploads\/2025\/08\/Gefangene-Burg-Are-768x512.webp 768w, https:\/\/altenahr-ahr.de\/wp-content\/uploads\/2025\/08\/Gefangene-Burg-Are-18x12.webp 18w, https:\/\/altenahr-ahr.de\/wp-content\/uploads\/2025\/08\/Gefangene-Burg-Are.webp 1920w\" sizes=\"auto, (max-width: 1536px) 100vw, 1536px\" \/>\t\t\t\t\t<\/a>\n\t\t\t\t\t\t\t\t\t<\/div>\n\t\t\t\t\t\t\t<div class=\"uagb-post__text\">\n\t\t\t\t\t<span class='uagb-post__taxonomy default'>\n\t\t\t\t\t\t\t\t\t\t\t\t<a href=\"https:\/\/altenahr-ahr.de\/en\/category\/kinder\/\">Kinder<\/a>|&nbsp;<a href=\"https:\/\/altenahr-ahr.de\/en\/category\/sagen-legenden\/\">Sagen &amp; Legenden<\/a>\t\t\t\t\t<\/span>\n\t\t\t\t<\/div>\n\t\t\t\t\t\t\t<h4 class=\"uagb-post__title uagb-post__text\">\n\t\t\t\t<a href=\"https:\/\/altenahr-ahr.de\/en\/die-gefangenen-der-burg-are\/\" target=\"_self\" rel=\"bookmark noopener noreferrer\">Die Gefangenen der Burg Are<\/a>\n\t\t\t<\/h4>\n\t\t\t\t\t\t<div class='uagb-post__text uagb-post-grid-byline'>\n\t\t\t\t\t\t\t<\/div>\n\t\t\t\t\t\t\t<div class='uagb-post__text uagb-post__excerpt'>\n\t\t\t\t\tF\u00fcr die im Verlies der Burg Are Gefangenen erweist sich ein kleines M\u00e4uschen als Rettung aus ihrer Gefangenschaft.\t\t\t\t<\/div>\n\t\t\t\n\t\t\t\t\t\t\t\t\t<\/article>\n\t\t\t\t\t\t\t\t\t\t\t<\/div>","protected":false},"excerpt":{"rendered":"<p>Eine Sage vom \u201eWei\u00dfen Kreuz\u201c erz\u00e4hlt von einer armen Witwe, die aus Dankbarkeit das Kreuz von einem ihrer S\u00f6hne errichten lie\u00df.<\/p>","protected":false},"author":1,"featured_media":1351,"comment_status":"open","ping_status":"open","sticky":false,"template":"","format":"standard","meta":{"_uag_custom_page_level_css":"","site-sidebar-layout":"default","site-content-layout":"","ast-site-content-layout":"default","site-content-style":"default","site-sidebar-style":"default","ast-global-header-display":"","ast-banner-title-visibility":"","ast-main-header-display":"","ast-hfb-above-header-display":"","ast-hfb-below-header-display":"","ast-hfb-mobile-header-display":"","site-post-title":"disabled","ast-breadcrumbs-content":"","ast-featured-img":"disabled","footer-sml-layout":"","ast-disable-related-posts":"","theme-transparent-header-meta":"","adv-header-id-meta":"","stick-header-meta":"","header-above-stick-meta":"","header-main-stick-meta":"","header-below-stick-meta":"","astra-migrate-meta-layouts":"default","ast-page-background-enabled":"default","ast-page-background-meta":{"desktop":{"background-color":"var(--ast-global-color-5)","background-image":"","background-repeat":"repeat","background-position":"center center","background-size":"auto","background-attachment":"scroll","background-type":"","background-media":"","overlay-type":"","overlay-color":"","overlay-opacity":"","overlay-gradient":""},"tablet":{"background-color":"","background-image":"","background-repeat":"repeat","background-position":"center center","background-size":"auto","background-attachment":"scroll","background-type":"","background-media":"","overlay-type":"","overlay-color":"","overlay-opacity":"","overlay-gradient":""},"mobile":{"background-color":"","background-image":"","background-repeat":"repeat","background-position":"center center","background-size":"auto","background-attachment":"scroll","background-type":"","background-media":"","overlay-type":"","overlay-color":"","overlay-opacity":"","overlay-gradient":""}},"ast-content-background-meta":{"desktop":{"background-color":"var(--ast-global-color-4)","background-image":"","background-repeat":"repeat","background-position":"center center","background-size":"auto","background-attachment":"scroll","background-type":"","background-media":"","overlay-type":"","overlay-color":"","overlay-opacity":"","overlay-gradient":""},"tablet":{"background-color":"var(--ast-global-color-4)","background-image":"","background-repeat":"repeat","background-position":"center center","background-size":"auto","background-attachment":"scroll","background-type":"","background-media":"","overlay-type":"","overlay-color":"","overlay-opacity":"","overlay-gradient":""},"mobile":{"background-color":"var(--ast-global-color-4)","background-image":"","background-repeat":"repeat","background-position":"center center","background-size":"auto","background-attachment":"scroll","background-type":"","background-media":"","overlay-type":"","overlay-color":"","overlay-opacity":"","overlay-gradient":""}},"footnotes":""},"categories":[37],"tags":[],"class_list":["post-1350","post","type-post","status-publish","format-standard","has-post-thumbnail","hentry","category-kinder"],"spectra_custom_meta":{"_edit_lock":["1756810244:1"],"_edac_summary":["a:8:{s:12:\"passed_tests\";i:91;s:6:\"errors\";i:1;s:8:\"warnings\";i:7;s:7:\"ignored\";i:0;s:15:\"contrast_errors\";i:0;s:13:\"content_grade\";i:8;s:11:\"readability\";s:2:\"8.\";s:18:\"simplified_summary\";b:0;}","a:8:{s:12:\"passed_tests\";i:91;s:6:\"errors\";i:1;s:8:\"warnings\";i:7;s:7:\"ignored\";i:0;s:15:\"contrast_errors\";i:0;s:13:\"content_grade\";i:8;s:11:\"readability\";s:2:\"8.\";s:18:\"simplified_summary\";b:0;}"],"_edac_summary_passed_tests":["91","91"],"_edac_summary_errors":["1","1"],"_edac_summary_warnings":["7","7"],"_edac_summary_ignored":["0","0"],"_edac_summary_contrast_errors":["0","0"],"_edac_density_data":["a:2:{i:0;i:801;i:1;i:4657;}"],"_edac_issue_density":["0.83"],"_edac_post_checked_js":["1756810201"],"_uag_custom_page_level_css":[""],"site-sidebar-layout":["default"],"site-content-layout":[""],"ast-site-content-layout":["default"],"site-content-style":["default"],"site-sidebar-style":["default"],"ast-global-header-display":[""],"ast-banner-title-visibility":[""],"ast-main-header-display":[""],"ast-hfb-above-header-display":[""],"ast-hfb-below-header-display":[""],"ast-hfb-mobile-header-display":[""],"site-post-title":["disabled"],"ast-breadcrumbs-content":[""],"ast-featured-img":["disabled"],"footer-sml-layout":[""],"theme-transparent-header-meta":[""],"adv-header-id-meta":[""],"stick-header-meta":[""],"header-above-stick-meta":[""],"header-main-stick-meta":[""],"header-below-stick-meta":[""],"astra-migrate-meta-layouts":["default"],"ast-page-background-enabled":["default"],"ast-page-background-meta":["a:3:{s:7:\"desktop\";a:12:{s:16:\"background-color\";s:25:\"var(--ast-global-color-5)\";s:16:\"background-image\";s:0:\"\";s:17:\"background-repeat\";s:6:\"repeat\";s:19:\"background-position\";s:13:\"center center\";s:15:\"background-size\";s:4:\"auto\";s:21:\"background-attachment\";s:6:\"scroll\";s:15:\"background-type\";s:0:\"\";s:16:\"background-media\";s:0:\"\";s:12:\"overlay-type\";s:0:\"\";s:13:\"overlay-color\";s:0:\"\";s:15:\"overlay-opacity\";s:0:\"\";s:16:\"overlay-gradient\";s:0:\"\";}s:6:\"tablet\";a:12:{s:16:\"background-color\";s:0:\"\";s:16:\"background-image\";s:0:\"\";s:17:\"background-repeat\";s:6:\"repeat\";s:19:\"background-position\";s:13:\"center center\";s:15:\"background-size\";s:4:\"auto\";s:21:\"background-attachment\";s:6:\"scroll\";s:15:\"background-type\";s:0:\"\";s:16:\"background-media\";s:0:\"\";s:12:\"overlay-type\";s:0:\"\";s:13:\"overlay-color\";s:0:\"\";s:15:\"overlay-opacity\";s:0:\"\";s:16:\"overlay-gradient\";s:0:\"\";}s:6:\"mobile\";a:12:{s:16:\"background-color\";s:0:\"\";s:16:\"background-image\";s:0:\"\";s:17:\"background-repeat\";s:6:\"repeat\";s:19:\"background-position\";s:13:\"center center\";s:15:\"background-size\";s:4:\"auto\";s:21:\"background-attachment\";s:6:\"scroll\";s:15:\"background-type\";s:0:\"\";s:16:\"background-media\";s:0:\"\";s:12:\"overlay-type\";s:0:\"\";s:13:\"overlay-color\";s:0:\"\";s:15:\"overlay-opacity\";s:0:\"\";s:16:\"overlay-gradient\";s:0:\"\";}}"],"ast-content-background-meta":["a:3:{s:7:\"desktop\";a:12:{s:16:\"background-color\";s:25:\"var(--ast-global-color-4)\";s:16:\"background-image\";s:0:\"\";s:17:\"background-repeat\";s:6:\"repeat\";s:19:\"background-position\";s:13:\"center center\";s:15:\"background-size\";s:4:\"auto\";s:21:\"background-attachment\";s:6:\"scroll\";s:15:\"background-type\";s:0:\"\";s:16:\"background-media\";s:0:\"\";s:12:\"overlay-type\";s:0:\"\";s:13:\"overlay-color\";s:0:\"\";s:15:\"overlay-opacity\";s:0:\"\";s:16:\"overlay-gradient\";s:0:\"\";}s:6:\"tablet\";a:12:{s:16:\"background-color\";s:25:\"var(--ast-global-color-4)\";s:16:\"background-image\";s:0:\"\";s:17:\"background-repeat\";s:6:\"repeat\";s:19:\"background-position\";s:13:\"center center\";s:15:\"background-size\";s:4:\"auto\";s:21:\"background-attachment\";s:6:\"scroll\";s:15:\"background-type\";s:0:\"\";s:16:\"background-media\";s:0:\"\";s:12:\"overlay-type\";s:0:\"\";s:13:\"overlay-color\";s:0:\"\";s:15:\"overlay-opacity\";s:0:\"\";s:16:\"overlay-gradient\";s:0:\"\";}s:6:\"mobile\";a:12:{s:16:\"background-color\";s:25:\"var(--ast-global-color-4)\";s:16:\"background-image\";s:0:\"\";s:17:\"background-repeat\";s:6:\"repeat\";s:19:\"background-position\";s:13:\"center center\";s:15:\"background-size\";s:4:\"auto\";s:21:\"background-attachment\";s:6:\"scroll\";s:15:\"background-type\";s:0:\"\";s:16:\"background-media\";s:0:\"\";s:12:\"overlay-type\";s:0:\"\";s:13:\"overlay-color\";s:0:\"\";s:15:\"overlay-opacity\";s:0:\"\";s:16:\"overlay-gradient\";s:0:\"\";}}"],"footnotes":[""],"_edit_last":["1"],"_wpa_content_summary":[""],"_thumbnail_id":["1351"],"wp_statistics_words_count":["268"],"isc_post_images":["a:5:{i:1351;a:2:{s:3:\"src\";s:77:\"https:\/\/altenahr-ahr.de\/wp-content\/uploads\/2025\/08\/Legende-Weisses-Kreuz.webp\";s:9:\"thumbnail\";b:1;}i:1248;s:90:\"https:\/\/altenahr-ahr.de\/wp-content\/uploads\/2025\/08\/Legenden-schwarzes-Kreuz-1536x1024.webp\";i:1320;s:87:\"https:\/\/altenahr-ahr.de\/wp-content\/uploads\/2025\/08\/Legenden-Rittersprung-1536x1024.webp\";i:1332;s:85:\"https:\/\/altenahr-ahr.de\/wp-content\/uploads\/2025\/08\/Legende-Teufelsloch-1536x1024.webp\";i:1377;s:84:\"https:\/\/altenahr-ahr.de\/wp-content\/uploads\/2025\/08\/Gefangene-Burg-Are-1536x1024.webp\";}"],"_uag_css_file_name":["uag-css-1350.css"],"_uag_js_file_name":["uag-js-1350.js"]},"uagb_featured_image_src":{"full":["https:\/\/altenahr-ahr.de\/wp-content\/uploads\/2025\/08\/Legende-Weisses-Kreuz.webp",1920,1280,false],"thumbnail":["https:\/\/altenahr-ahr.de\/wp-content\/uploads\/2025\/08\/Legende-Weisses-Kreuz-150x150.webp",150,150,true],"medium":["https:\/\/altenahr-ahr.de\/wp-content\/uploads\/2025\/08\/Legende-Weisses-Kreuz-300x200.webp",300,200,true],"medium_large":["https:\/\/altenahr-ahr.de\/wp-content\/uploads\/2025\/08\/Legende-Weisses-Kreuz-768x512.webp",768,512,true],"large":["https:\/\/altenahr-ahr.de\/wp-content\/uploads\/2025\/08\/Legende-Weisses-Kreuz-1536x1024.webp",1536,1024,true],"1536x1536":["https:\/\/altenahr-ahr.de\/wp-content\/uploads\/2025\/08\/Legende-Weisses-Kreuz-1536x1024.webp",1536,1024,true],"2048x2048":["https:\/\/altenahr-ahr.de\/wp-content\/uploads\/2025\/08\/Legende-Weisses-Kreuz.webp",1920,1280,false],"trp-custom-language-flag":["https:\/\/altenahr-ahr.de\/wp-content\/uploads\/2025\/08\/Legende-Weisses-Kreuz-18x12.webp",18,12,true]},"uagb_author_info":{"display_name":"admin","author_link":"https:\/\/altenahr-ahr.de\/en\/author\/admin\/"},"uagb_comment_info":0,"uagb_excerpt":"Eine Sage vom \u201eWei\u00dfen Kreuz\u201c erz\u00e4hlt von einer armen Witwe, die aus Dankbarkeit das Kreuz von einem ihrer S\u00f6hne errichten lie\u00df.","_links":{"self":[{"href":"https:\/\/altenahr-ahr.de\/en\/wp-json\/wp\/v2\/posts\/1350","targetHints":{"allow":["GET"]}}],"collection":[{"href":"https:\/\/altenahr-ahr.de\/en\/wp-json\/wp\/v2\/posts"}],"about":[{"href":"https:\/\/altenahr-ahr.de\/en\/wp-json\/wp\/v2\/types\/post"}],"author":[{"embeddable":true,"href":"https:\/\/altenahr-ahr.de\/en\/wp-json\/wp\/v2\/users\/1"}],"replies":[{"embeddable":true,"href":"https:\/\/altenahr-ahr.de\/en\/wp-json\/wp\/v2\/comments?post=1350"}],"version-history":[{"count":6,"href":"https:\/\/altenahr-ahr.de\/en\/wp-json\/wp\/v2\/posts\/1350\/revisions"}],"predecessor-version":[{"id":2338,"href":"https:\/\/altenahr-ahr.de\/en\/wp-json\/wp\/v2\/posts\/1350\/revisions\/2338"}],"wp:featuredmedia":[{"embeddable":true,"href":"https:\/\/altenahr-ahr.de\/en\/wp-json\/wp\/v2\/media\/1351"}],"wp:attachment":[{"href":"https:\/\/altenahr-ahr.de\/en\/wp-json\/wp\/v2\/media?parent=1350"}],"wp:term":[{"taxonomy":"category","embeddable":true,"href":"https:\/\/altenahr-ahr.de\/en\/wp-json\/wp\/v2\/categories?post=1350"},{"taxonomy":"post_tag","embeddable":true,"href":"https:\/\/altenahr-ahr.de\/en\/wp-json\/wp\/v2\/tags?post=1350"}],"curies":[{"name":"wp","href":"https:\/\/api.w.org\/{rel}","templated":true}]}}